{"id":1155,"date":"2023-03-27T13:09:54","date_gmt":"2023-03-27T16:09:54","guid":{"rendered":"https:\/\/apucp.com.ar\/?p=1155"},"modified":"2024-06-07T08:32:43","modified_gmt":"2024-06-07T11:32:43","slug":"novedades-mes-de-marzo-de-2023","status":"publish","type":"post","link":"https:\/\/apucp.com.ar\/?p=1155","title":{"rendered":"NOVEDADES MES DE MARZO DE 2023"},"content":{"rendered":"\n<p><\/p>\n\n\n\n<p>De nuestra mayor consideraci\u00f3n:<\/p>\n\n\n\n<p>&nbsp;&nbsp;&nbsp;&nbsp;&nbsp;&nbsp;&nbsp;&nbsp;&nbsp;&nbsp;&nbsp;&nbsp;&nbsp;&nbsp;&nbsp;&nbsp;&nbsp;&nbsp;&nbsp;&nbsp;&nbsp;&nbsp;&nbsp;&nbsp;&nbsp;&nbsp;&nbsp;&nbsp;&nbsp;&nbsp; Por intermedio de la presente, y en nuestro car\u00e1cter de Autoridades de la Asociaci\u00f3n Argentina de Profesores Universitarios de Contabilidad P\u00fablica \u201cDr. Juan Bayetto\u201d, nos complace dirigirnos a todos los miembros de la entidad, con el prop\u00f3sito de informarles las novedades y avances realizados en el transcurso de este mes, a saber:<\/p>\n\n\n\n<p>*) Se ha fijado el d\u00eda 28 de Abril de 2023 a las 14:00 hs. como fecha de la realizaci\u00f3n de la Asamblea Anual Ordinaria de la Asociaci\u00f3n, la misma se efectuara en el Aula Magna de la Universidad Nacional de La Plata, Calle 6 n\u00famero 777 de la Ciudad de La Plata. Se adjunta a la presente la convocatoria y el orden del d\u00eda (adem\u00e1s se encuentra en la p\u00e1gina web, www.apucp.com.ar);<\/p>\n\n\n\n<p>*) Es importante mencionar que luego de la culminaci\u00f3n de la Asamblea, habr\u00e1 una disertaci\u00f3n del Contador General de La Naci\u00f3n, Dr. Cesar Duro, quien va a dictar una conferencia (a las 16 hs, en el mismo lugar de la realizaci\u00f3n de la Asamblea) sobre la siguiente tem\u00e1tica: \u201cLOS NUEVOS DESAF\u00cdOS DEL SISTEMA CONTABLE GUBERNAMENTAL\u201d;<\/p>\n\n\n\n<p>*) Aspectos salientes a ser analizados y definidos por la Asamblea, entre otros: a) Conclusiones del Simposio anterior, realizado en el mes de octubre del a\u00f1o 2022 en la ciudad de Bah\u00eda Blanca, b) confirmaci\u00f3n de la sede y de las fechas de realizaci\u00f3n del XXXVIII Simposio Nacional de Profesores Universitarios de Contabilidad P\u00fablica, asi como su temario tentativo, c) Fijaci\u00f3n de la cuota social anual y aprobaci\u00f3n de los estados contables y financieros del a\u00f1o 2022, d) ratificaci\u00f3n de convenios de reciprocidad celebrados con Universidades nacionales y del extranjero, y an\u00e1lisis de nuevos convenios a suscribir, d) Otras actividades a realizar en el a\u00f1o; etc.<\/p>\n\n\n\n<p>&nbsp;&nbsp;&nbsp;&nbsp;&nbsp;&nbsp;&nbsp;&nbsp;&nbsp;&nbsp;&nbsp;&nbsp;&nbsp;&nbsp;&nbsp;&nbsp;&nbsp;&nbsp;&nbsp;&nbsp;&nbsp;&nbsp;&nbsp;&nbsp;&nbsp;&nbsp;&nbsp;&nbsp;&nbsp;&nbsp;&nbsp; Por \u00faltimo convocamos a todos los asociados a participar y aportar ideas y\/o sugerencias referidas al funcionamiento de la entidad.<\/p>\n\n\n\n<p>&nbsp;&nbsp;&nbsp;&nbsp;&nbsp;&nbsp;&nbsp;&nbsp;&nbsp;&nbsp;&nbsp;&nbsp;&nbsp;&nbsp;&nbsp;&nbsp;&nbsp;&nbsp;&nbsp;&nbsp;&nbsp;&nbsp;&nbsp;&nbsp;&nbsp;&nbsp;&nbsp;&nbsp;&nbsp;&nbsp;&nbsp; Sin otro particular, saludamos a ustedes con la consideraci\u00f3n m\u00e1s distinguida.<\/p>\n\n\n\n<p>Buenos Aires,&nbsp;&nbsp; marzo de 2023<\/p>\n\n\n\n<p>Prof. Ricardo Lorenzo&nbsp; &nbsp;&nbsp;&nbsp;Prof. Juan Jos\u00e9 Permuy&nbsp;&nbsp; &nbsp;&nbsp;&nbsp;Prof. Mabel Cabrera&nbsp; &nbsp;&nbsp;&nbsp;Prof. Hernan Vicente<\/p>\n\n\n\n<p>&nbsp;&nbsp;&nbsp;&nbsp;&nbsp;&nbsp;&nbsp;&nbsp;&nbsp;&nbsp;&nbsp; Presidente&nbsp;&nbsp;&nbsp;&nbsp;&nbsp;&nbsp;&nbsp;&nbsp;&nbsp;&nbsp; &nbsp;&nbsp;&nbsp;&nbsp;&nbsp;&nbsp;&nbsp;&nbsp;&nbsp;&nbsp;Vice-presidente&nbsp;&nbsp;&nbsp;&nbsp;&nbsp; &nbsp;&nbsp;&nbsp;&nbsp;&nbsp;&nbsp;&nbsp;&nbsp;&nbsp;&nbsp;&nbsp;&nbsp;&nbsp;&nbsp;&nbsp;&nbsp;Secretaria&nbsp;&nbsp;&nbsp; &nbsp; &nbsp;&nbsp;&nbsp;&nbsp;&nbsp;&nbsp;&nbsp;&nbsp;&nbsp;&nbsp;&nbsp; &nbsp;Tesorero<\/p>\n","protected":false},"excerpt":{"rendered":"<p>De nuestra mayor consideraci\u00f3n: &nbsp;&nbsp;&nbsp;&nbsp;&nbsp;&nbsp;&nbsp;&nbsp;&nbsp;&nbsp;&nbsp;&nbsp;&nbsp;&nbsp;&nbsp;&nbsp;&nbsp;&nbsp;&nbsp;&nbsp;&nbsp;&nbsp;&nbsp;&nbsp;&nbsp;&nbsp;&nbsp;&nbsp;&nbsp;&nbsp; Por intermedio de la presente, y en nuestro car\u00e1cter de Autoridades de la Asociaci\u00f3n Argentina de Profesores Universitarios de Contabilidad P\u00fablica \u201cDr. Juan Bayetto\u201d, nos complace dirigirnos a todos los miembros de la entidad, con el prop\u00f3sito de informarles las novedades y avances realizados en el transcurso de este mes, [&hellip;]<\/p>\n","protected":false},"author":1,"featured_media":0,"comment_status":"open","ping_status":"open","sticky":false,"template":"","format":"standard","meta":{"ocean_post_layout":"","ocean_both_sidebars_style":"","ocean_both_sidebars_content_width":0,"ocean_both_sidebars_sidebars_width":0,"ocean_sidebar":"0","ocean_second_sidebar":"0","ocean_disable_margins":"enable","ocean_add_body_class":"","ocean_shortcode_before_top_bar":"","ocean_shortcode_after_top_bar":"","ocean_shortcode_before_header":"","ocean_shortcode_after_header":"","ocean_has_shortcode":"","ocean_shortcode_after_title":"","ocean_shortcode_before_footer_widgets":"","ocean_shortcode_after_footer_widgets":"","ocean_shortcode_before_footer_bottom":"","ocean_shortcode_after_footer_bottom":"","ocean_display_top_bar":"default","ocean_display_header":"default","ocean_header_style":"","ocean_center_header_left_menu":"0","ocean_custom_header_template":"0","ocean_custom_logo":0,"ocean_custom_retina_logo":0,"ocean_custom_logo_max_width":0,"ocean_custom_logo_tablet_max_width":0,"ocean_custom_logo_mobile_max_width":0,"ocean_custom_logo_max_height":0,"ocean_custom_logo_tablet_max_height":0,"ocean_custom_logo_mobile_max_height":0,"ocean_header_custom_menu":"0","ocean_menu_typo_font_family":"0","ocean_menu_typo_font_subset":"","ocean_menu_typo_font_size":0,"ocean_menu_typo_font_size_tablet":0,"ocean_menu_typo_font_size_mobile":0,"ocean_menu_typo_font_size_unit":"px","ocean_menu_typo_font_weight":"","ocean_menu_typo_font_weight_tablet":"","ocean_menu_typo_font_weight_mobile":"","ocean_menu_typo_transform":"","ocean_menu_typo_transform_tablet":"","ocean_menu_typo_transform_mobile":"","ocean_menu_typo_line_height":0,"ocean_menu_typo_line_height_tablet":0,"ocean_menu_typo_line_height_mobile":0,"ocean_menu_typo_line_height_unit":"","ocean_menu_typo_spacing":0,"ocean_menu_typo_spacing_tablet":0,"ocean_menu_typo_spacing_mobile":0,"ocean_menu_typo_spacing_unit":"","ocean_menu_link_color":"","ocean_menu_link_color_hover":"","ocean_menu_link_color_active":"","ocean_menu_link_background":"","ocean_menu_link_hover_background":"","ocean_menu_link_active_background":"","ocean_menu_social_links_bg":"","ocean_menu_social_hover_links_bg":"","ocean_menu_social_links_color":"","ocean_menu_social_hover_links_color":"","ocean_disable_title":"default","ocean_disable_heading":"default","ocean_post_title":"","ocean_post_subheading":"","ocean_post_title_style":"","ocean_post_title_background_color":"","ocean_post_title_background":0,"ocean_post_title_bg_image_position":"","ocean_post_title_bg_image_attachment":"","ocean_post_title_bg_image_repeat":"","ocean_post_title_bg_image_size":"","ocean_post_title_height":0,"ocean_post_title_bg_overlay":0.5,"ocean_post_title_bg_overlay_color":"","ocean_disable_breadcrumbs":"default","ocean_breadcrumbs_color":"","ocean_breadcrumbs_separator_color":"","ocean_breadcrumbs_links_color":"","ocean_breadcrumbs_links_hover_color":"","ocean_display_footer_widgets":"default","ocean_display_footer_bottom":"default","ocean_custom_footer_template":"0","ocean_post_oembed":"","ocean_post_self_hosted_media":"","ocean_post_video_embed":"","ocean_link_format":"","ocean_link_format_target":"self","ocean_quote_format":"","ocean_quote_format_link":"post","ocean_gallery_link_images":"off","ocean_gallery_id":[],"footnotes":""},"categories":[11],"tags":[],"class_list":["post-1155","post","type-post","status-publish","format-standard","hentry","category-noticias","entry"],"_links":{"self":[{"href":"https:\/\/apucp.com.ar\/index.php?rest_route=\/wp\/v2\/posts\/1155","targetHints":{"allow":["GET"]}}],"collection":[{"href":"https:\/\/apucp.com.ar\/index.php?rest_route=\/wp\/v2\/posts"}],"about":[{"href":"https:\/\/apucp.com.ar\/index.php?rest_route=\/wp\/v2\/types\/post"}],"author":[{"embeddable":true,"href":"https:\/\/apucp.com.ar\/index.php?rest_route=\/wp\/v2\/users\/1"}],"replies":[{"embeddable":true,"href":"https:\/\/apucp.com.ar\/index.php?rest_route=%2Fwp%2Fv2%2Fcomments&post=1155"}],"version-history":[{"count":1,"href":"https:\/\/apucp.com.ar\/index.php?rest_route=\/wp\/v2\/posts\/1155\/revisions"}],"predecessor-version":[{"id":1156,"href":"https:\/\/apucp.com.ar\/index.php?rest_route=\/wp\/v2\/posts\/1155\/revisions\/1156"}],"wp:attachment":[{"href":"https:\/\/apucp.com.ar\/index.php?rest_route=%2Fwp%2Fv2%2Fmedia&parent=1155"}],"wp:term":[{"taxonomy":"category","embeddable":true,"href":"https:\/\/apucp.com.ar\/index.php?rest_route=%2Fwp%2Fv2%2Fcategories&post=1155"},{"taxonomy":"post_tag","embeddable":true,"href":"https:\/\/apucp.com.ar\/index.php?rest_route=%2Fwp%2Fv2%2Ftags&post=1155"}],"curies":[{"name":"wp","href":"https:\/\/api.w.org\/{rel}","templated":true}]}}