{"id":1165,"date":"2023-05-04T10:35:10","date_gmt":"2023-05-04T13:35:10","guid":{"rendered":"https:\/\/apucp.com.ar\/?p=1165"},"modified":"2024-06-07T08:32:26","modified_gmt":"2024-06-07T11:32:26","slug":"novedades-mes-de-abril-de-2023","status":"publish","type":"post","link":"https:\/\/apucp.com.ar\/?p=1165","title":{"rendered":"NOVEDADES MES DE ABRIL DE 2023"},"content":{"rendered":"\n<p>De nuestra mayor consideraci\u00f3n:<\/p>\n\n\n\n<p>&nbsp;&nbsp;&nbsp;&nbsp;&nbsp;&nbsp;&nbsp;&nbsp;&nbsp;&nbsp;&nbsp;&nbsp;&nbsp;&nbsp;&nbsp;&nbsp;&nbsp;&nbsp;&nbsp;&nbsp;&nbsp;&nbsp;&nbsp;&nbsp;&nbsp;&nbsp;&nbsp;&nbsp;&nbsp;&nbsp;&nbsp;&nbsp; Por intermedio de la presente, y en nuestro car\u00e1cter de Autoridades de la Asociaci\u00f3n Argentina de Profesores Universitarios de Contabilidad P\u00fablica \u201cDr. Juan Bayetto\u201d, nos complace dirigirnos a los miembros de nuestra entidad, para informarles las novedades y avances realizados en el transcurso del mes de abril de 2023, a saber:&nbsp;&nbsp;&nbsp;&nbsp;&nbsp;&nbsp;&nbsp;&nbsp;<\/p>\n\n\n\n<ol class=\"wp-block-list\" type=\"a\"><li>Nuestra Asociaci\u00f3n llev\u00f3 a cabo, el d\u00eda 28 de abril la Asamblea Anual Ordinaria.&nbsp; La misma cont\u00f3 con la participaci\u00f3n de un considerable n\u00famero nuestros Asociados. Asimismo, es dable destacar que con posterioridad a la Asamblea, el Contador General de La Naci\u00f3n, Dr. Cesar Duro nos honr\u00f3 con el dictado de una conferencia sobre: \u201cLOS NUEVOS DESAF\u00cdOS DEL SISTEMA CONTABLE GUBERNAMENTAL\u201d. A dicha Conferencia asistieron adem\u00e1s de nuestros Asociados, invitados especiales y alumnos de la C\u00e1tedra de la Facultad anfitriona.<\/li><\/ol>\n\n\n\n<p>Hemos enviado una nota de agradecimiento a la Facultad de Ciencias Econ\u00f3micas de la Universidad Nacional de la Plata por haber puesto a disposici\u00f3n de nuestra Asociaci\u00f3n los espacios f\u00edsicos necesarios y ofrecer la colaboraci\u00f3n de su personal, para ambas actividades. En igual sentido, agradecemos y felicitamos por su labor a nuestro Asociado, Profesor Hern\u00e1n Vicente como a los integrantes de su C\u00e1tedra, de dicha Universidad.<\/p>\n\n\n\n<p>b) En el Orden del D\u00eda de la Asamblea se trat\u00f3 nuestro pr\u00f3ximo Simposio. Se confirm\u00f3 la la fecha de realizaci\u00f3n del \u201cXXXVIII Simposio Nacional de Profesores Universitarios de Contabilidad P\u00fablica\u201d: la misma qued\u00f3 fijada para los d\u00edas 30 de agosto al 1\u00aa de setiembre del corriente a\u00f1o, y se llevar\u00e1 a cabo en la ciudad de Salta, organizada por la Universidad Nacional de Salta y nuestra instituci\u00f3n. Se analizaron los temas a desarrollar y otros aspectos de la organizaci\u00f3n, los que oportunamente ser\u00e1n comunicados mediante Circulares.<\/p>\n\n\n\n<ul class=\"wp-block-list\"><li>El Profesor Juan Jos\u00e9 Permuy dict\u00f3 una Conferencia sobre \u201c\u00c9tica Profesional\u201d por invitaci\u00f3n de la Universidad del Aconcagua el d\u00eda 28 de marzo. La misma cont\u00f3 con una amplia participaci\u00f3n de autoridades, docentes, alumnos y funcionarios p\u00fablicos especialmente invitados. Entre los docentes estuvieron presentes miembros de nuestra Asociaci\u00f3n.<\/li><li>La Facultad de Ciencias Econ\u00f3micas de la Universidad Nacional de Entre R\u00edos llam\u00f3 a Concurso para proveer un cargo de Profesor Asociado en la C\u00e1tedra de Contabilidad P\u00fablica. Nuestros Asociados, Profesores Ricardo Lorenzo, Juan J. Permuy y Mabel M. Cabrera fueron designados Jurados Titulares. El Concurso se desarroll\u00f3 con la modalidad mixta, actuando los dos primeros en forma virtual mientras que la tercera lo hizo en forma presencial.<\/li><li>Reiteramos a los asociados la conveniencia del uso de nuestra p\u00e1gina web (<a href=\"http:\/\/www.apucp.com.ar\">www.apucp.com.ar<\/a>), dado que en la misma se actualizan de manera peri\u00f3dica todas las novedades, citando solo a t\u00edtulo de ejemplos los siguientes: las circulares del pr\u00f3ximo Simposio, las conclusiones del Simposio anterior, las novedades mensuales, un instructivo para el pago de cuotas sociales, etc.<\/li><\/ul>\n\n\n\n<p>&nbsp;&nbsp;&nbsp;&nbsp;&nbsp;&nbsp;&nbsp;&nbsp;&nbsp;&nbsp;&nbsp; Por \u00faltimo convocamos a todos los asociados a participar y aportar ideas y\/o sugerencias referidas al funcionamiento de la entidad.&nbsp;&nbsp;&nbsp;&nbsp;&nbsp;&nbsp;&nbsp;&nbsp;&nbsp;&nbsp;&nbsp;&nbsp;&nbsp;&nbsp;&nbsp;&nbsp;&nbsp;&nbsp;&nbsp;&nbsp;&nbsp;&nbsp;&nbsp;&nbsp;&nbsp;&nbsp;&nbsp;<\/p>\n\n\n\n<p>&nbsp;&nbsp;&nbsp;&nbsp;&nbsp;&nbsp;&nbsp;&nbsp;&nbsp;&nbsp;&nbsp; Sin otro particular, saludamos a ustedes con la consideraci\u00f3n m\u00e1s distinguida.&nbsp;&nbsp;&nbsp;&nbsp;&nbsp;&nbsp;&nbsp;&nbsp;&nbsp;&nbsp;&nbsp;&nbsp;<\/p>\n\n\n\n<p>Buenos Aires, mayo de 2023<\/p>\n","protected":false},"excerpt":{"rendered":"<p>De nuestra mayor consideraci\u00f3n: &nbsp;&nbsp;&nbsp;&nbsp;&nbsp;&nbsp;&nbsp;&nbsp;&nbsp;&nbsp;&nbsp;&nbsp;&nbsp;&nbsp;&nbsp;&nbsp;&nbsp;&nbsp;&nbsp;&nbsp;&nbsp;&nbsp;&nbsp;&nbsp;&nbsp;&nbsp;&nbsp;&nbsp;&nbsp;&nbsp;&nbsp;&nbsp; Por intermedio de la presente, y en nuestro car\u00e1cter de Autoridades de la Asociaci\u00f3n Argentina de Profesores Universitarios de Contabilidad P\u00fablica \u201cDr. Juan Bayetto\u201d, nos complace dirigirnos a los miembros de nuestra entidad, para informarles las novedades y avances realizados en el transcurso del mes de abril de 2023, a [&hellip;]<\/p>\n","protected":false},"author":1,"featured_media":1166,"comment_status":"open","ping_status":"open","sticky":false,"template":"","format":"standard","meta":{"ocean_post_layout":"","ocean_both_sidebars_style":"","ocean_both_sidebars_content_width":0,"ocean_both_sidebars_sidebars_width":0,"ocean_sidebar":"0","ocean_second_sidebar":"0","ocean_disable_margins":"enable","ocean_add_body_class":"","ocean_shortcode_before_top_bar":"","ocean_shortcode_after_top_bar":"","ocean_shortcode_before_header":"","ocean_shortcode_after_header":"","ocean_has_shortcode":"","ocean_shortcode_after_title":"","ocean_shortcode_before_footer_widgets":"","ocean_shortcode_after_footer_widgets":"","ocean_shortcode_before_footer_bottom":"","ocean_shortcode_after_footer_bottom":"","ocean_display_top_bar":"default","ocean_display_header":"default","ocean_header_style":"","ocean_center_header_left_menu":"0","ocean_custom_header_template":"0","ocean_custom_logo":0,"ocean_custom_retina_logo":0,"ocean_custom_logo_max_width":0,"ocean_custom_logo_tablet_max_width":0,"ocean_custom_logo_mobile_max_width":0,"ocean_custom_logo_max_height":0,"ocean_custom_logo_tablet_max_height":0,"ocean_custom_logo_mobile_max_height":0,"ocean_header_custom_menu":"0","ocean_menu_typo_font_family":"0","ocean_menu_typo_font_subset":"","ocean_menu_typo_font_size":0,"ocean_menu_typo_font_size_tablet":0,"ocean_menu_typo_font_size_mobile":0,"ocean_menu_typo_font_size_unit":"px","ocean_menu_typo_font_weight":"","ocean_menu_typo_font_weight_tablet":"","ocean_menu_typo_font_weight_mobile":"","ocean_menu_typo_transform":"","ocean_menu_typo_transform_tablet":"","ocean_menu_typo_transform_mobile":"","ocean_menu_typo_line_height":0,"ocean_menu_typo_line_height_tablet":0,"ocean_menu_typo_line_height_mobile":0,"ocean_menu_typo_line_height_unit":"","ocean_menu_typo_spacing":0,"ocean_menu_typo_spacing_tablet":0,"ocean_menu_typo_spacing_mobile":0,"ocean_menu_typo_spacing_unit":"","ocean_menu_link_color":"","ocean_menu_link_color_hover":"","ocean_menu_link_color_active":"","ocean_menu_link_background":"","ocean_menu_link_hover_background":"","ocean_menu_link_active_background":"","ocean_menu_social_links_bg":"","ocean_menu_social_hover_links_bg":"","ocean_menu_social_links_color":"","ocean_menu_social_hover_links_color":"","ocean_disable_title":"default","ocean_disable_heading":"default","ocean_post_title":"","ocean_post_subheading":"","ocean_post_title_style":"","ocean_post_title_background_color":"","ocean_post_title_background":0,"ocean_post_title_bg_image_position":"","ocean_post_title_bg_image_attachment":"","ocean_post_title_bg_image_repeat":"","ocean_post_title_bg_image_size":"","ocean_post_title_height":0,"ocean_post_title_bg_overlay":0.5,"ocean_post_title_bg_overlay_color":"","ocean_disable_breadcrumbs":"default","ocean_breadcrumbs_color":"","ocean_breadcrumbs_separator_color":"","ocean_breadcrumbs_links_color":"","ocean_breadcrumbs_links_hover_color":"","ocean_display_footer_widgets":"default","ocean_display_footer_bottom":"default","ocean_custom_footer_template":"0","ocean_post_oembed":"","ocean_post_self_hosted_media":"","ocean_post_video_embed":"","ocean_link_format":"","ocean_link_format_target":"self","ocean_quote_format":"","ocean_quote_format_link":"post","ocean_gallery_link_images":"off","ocean_gallery_id":[],"footnotes":""},"categories":[3,11],"tags":[],"class_list":["post-1165","post","type-post","status-publish","format-standard","has-post-thumbnail","hentry","category-destacados","category-noticias","entry","has-media"],"_links":{"self":[{"href":"https:\/\/apucp.com.ar\/index.php?rest_route=\/wp\/v2\/posts\/1165","targetHints":{"allow":["GET"]}}],"collection":[{"href":"https:\/\/apucp.com.ar\/index.php?rest_route=\/wp\/v2\/posts"}],"about":[{"href":"https:\/\/apucp.com.ar\/index.php?rest_route=\/wp\/v2\/types\/post"}],"author":[{"embeddable":true,"href":"https:\/\/apucp.com.ar\/index.php?rest_route=\/wp\/v2\/users\/1"}],"replies":[{"embeddable":true,"href":"https:\/\/apucp.com.ar\/index.php?rest_route=%2Fwp%2Fv2%2Fcomments&post=1165"}],"version-history":[{"count":1,"href":"https:\/\/apucp.com.ar\/index.php?rest_route=\/wp\/v2\/posts\/1165\/revisions"}],"predecessor-version":[{"id":1167,"href":"https:\/\/apucp.com.ar\/index.php?rest_route=\/wp\/v2\/posts\/1165\/revisions\/1167"}],"wp:featuredmedia":[{"embeddable":true,"href":"https:\/\/apucp.com.ar\/index.php?rest_route=\/wp\/v2\/media\/1166"}],"wp:attachment":[{"href":"https:\/\/apucp.com.ar\/index.php?rest_route=%2Fwp%2Fv2%2Fmedia&parent=1165"}],"wp:term":[{"taxonomy":"category","embeddable":true,"href":"https:\/\/apucp.com.ar\/index.php?rest_route=%2Fwp%2Fv2%2Fcategories&post=1165"},{"taxonomy":"post_tag","embeddable":true,"href":"https:\/\/apucp.com.ar\/index.php?rest_route=%2Fwp%2Fv2%2Ftags&post=1165"}],"curies":[{"name":"wp","href":"https:\/\/api.w.org\/{rel}","templated":true}]}}